{"id":94383,"date":"2024-07-08T12:01:42","date_gmt":"2024-07-08T09:01:42","guid":{"rendered":"https:\/\/pozirk.online\/en\/news\/94383\/"},"modified":"2026-02-24T20:40:57","modified_gmt":"2026-02-24T20:40:57","slug":"cichanouskaja-to-attend-2024-nato-summit","status":"publish","type":"articles","link":"https:\/\/pozirk.online\/en\/news\/94383\/","title":{"rendered":"Cichano\u016dskaja to attend 2024 NATO Summit"},"content":{"rendered":"\n<figure class=\"block-image block-image-normal\">\n\n  <img decoding=\"async\" width=\"1128\" height=\"752\" src=\"https:\/\/pozirk.online\/wp-content\/uploads\/2024\/01\/tsihanovskaja_stoltenberg_1128x752.jpg\" class=\"attachment-full size-full\" alt=\"\" srcset=\"https:\/\/pozirk.online\/wp-content\/uploads\/2024\/01\/tsihanovskaja_stoltenberg_1128x752.jpg 1128w, https:\/\/pozirk.online\/wp-content\/uploads\/2024\/01\/tsihanovskaja_stoltenberg_1128x752-354x236.jpg 354w, https:\/\/pozirk.online\/wp-content\/uploads\/2024\/01\/tsihanovskaja_stoltenberg_1128x752-734x490.jpg 734w, https:\/\/pozirk.online\/wp-content\/uploads\/2024\/01\/tsihanovskaja_stoltenberg_1128x752-178x118.jpg 178w, https:\/\/pozirk.online\/wp-content\/uploads\/2024\/01\/tsihanovskaja_stoltenberg_1128x752-768x512.jpg 768w\" sizes=\"(max-width: 1128px) 100vw, 1128px\" \/>\n  <figcaption>\n      <div class=\"block-image__descr\">\n\n        \u015aviat\u0142ana Cichano\u016dskaja and Jens Stoltenberg, NATO secretary general, at a meeting in May\n    <\/div>\n  \n       <div class=\"block-image__author\">\n                <span>(The press office of \u015aviat\u0142ana Cichano\u016dskaja)<\/span>\n    <\/div>\n     <\/figcaption>\n<\/figure>\n\n\n\n<p><strong>July 8, <em>Pozirk.<\/em><\/strong> \u015aviat\u0142ana Cichano\u016dskaja&#8217;s chief adviser Franak Via\u010dorka has told <em>Pozirk<\/em> that the opposition leader will visit Washington, D.C., on July 9\u201312 to participate in the events of the 2024 NATO Summit.<\/p>\n\n\n\n<p>The visit will take place at the invitation of NATO Secretary General Jens Stoltenberg.<\/p>\n\n\n\n<p>Cichano\u016dskaja will discuss the Alaksandar \u0141uka\u0161enka regime&#8217;s hybrid attacks against Poland, Lithuania and Latvia, the presence of Russian nuclear weapons in her country and possible future scenarios and the importance of Belarus for regional stability and security, especially in light of the Russian war against Ukraine. <\/p>\n\n\n\n<p>Besides, she will speak with several American and international reporters.<\/p>\n\n\n\n<p>&#8220;I am pleased that democratic forces in Belarus are launching a dialogue with NATO,&#8221; Cichano\u016dskaja said before the visit. &#8220;We very much do not want Belarus to become a consolation prize for [Russian President Vladimir] Putin.&#8221;<\/p>\n\n\n\n<p>She asserted that it is important for Belarus to build respectful and constructive relations with the alliance to advance national interests and enhance regional security. <\/p>\n\n\n\n<p>&#8220;I would like Belarus to be perceived as a reliable, peaceful, and predictable partner,&#8221; she stressed.<\/p>\n\n\n\n<p>This is her seventh visit to the United States.<\/p>\n\n\n\n<div class=\"insert-block\">\n\n    <div class=\"insert-block__img\">\n        <img decoding=\"async\" width=\"354\" height=\"236\" src=\"https:\/\/pozirk.online\/wp-content\/uploads\/2024\/07\/tihanovskaya-biden-archive-1128-354x236.jpg\" class=\"attachment-medium size-medium\" alt=\"\" srcset=\"https:\/\/pozirk.online\/wp-content\/uploads\/2024\/07\/tihanovskaya-biden-archive-1128-354x236.jpg 354w, https:\/\/pozirk.online\/wp-content\/uploads\/2024\/07\/tihanovskaya-biden-archive-1128-734x490.jpg 734w, https:\/\/pozirk.online\/wp-content\/uploads\/2024\/07\/tihanovskaya-biden-archive-1128-178x118.jpg 178w, https:\/\/pozirk.online\/wp-content\/uploads\/2024\/07\/tihanovskaya-biden-archive-1128-768x512.jpg 768w, https:\/\/pozirk.online\/wp-content\/uploads\/2024\/07\/tihanovskaya-biden-archive-1128.jpg 1128w\" sizes=\"(max-width: 354px) 100vw, 354px\" \/>                        <label class=\"insert-block__tag--mobile\"> \u041f\u043e\u043b\u0438\u0442\u0438\u043a\u0430<\/label>\n\n                <\/div>\n    <div class=\"insert-block__text\">\n                    <label class=\"insert-block__tag\">\u041f\u043e\u043b\u0438\u0442\u0438\u043a\u0430<\/label>\n                <h3 class=\"insert-block__title\">Opposition leader grateful to United States for supporting Belarusians<\/h3>\n        <div class=\"insert-block__descr\">July 4, Pozirk. Belarusian opposition leader \u015aviat\u0142ana Cichano\u016dskaja has greeted all friends in the United States and President Joe Biden on US Independence Day. &quot;Today, we celebrate July 4 alongside you, united in our shared values of freedom and democracy,&quot; &#8230;<\/div>\n        <a class=\"insert-block__btn-block\" href=\"\/en\/news\/93918\">\n            <button class=\"btn\">\n                <div class='btn__text'>Read the article<\/div>\n            <\/button>\n        <\/a>\n    <\/div>\n<\/div>","protected":false},"excerpt":{"rendered":"<p>July 8, Pozirk. \u015aviat\u0142ana Cichano\u016dskaja&#8217;s chief adviser Franak Via\u010dorka has told Pozirk that the opposition leader will visit Washington, D.C., on July 9\u201312 to participate in the events of the 2024 NATO Summit. The visit will take place at the invitation of NATO Secretary General Jens Stoltenberg. Cichano\u016dskaja will discuss the Alaksandar \u0141uka\u0161enka regime&#8217;s hybrid [&hellip;]<\/p>\n","protected":false},"author":75,"featured_media":84017,"template":"","rubric":[14],"class_list":["post-94383","articles","type-articles","status-publish","has-post-thumbnail","hentry","rubric-politics"],"acf":[],"yoast_head":"<!-- This site is optimized with the Yoast SEO plugin v25.5 - https:\/\/yoast.com\/wordpress\/plugins\/seo\/ -->\n<title>Cichano\u016dskaja to attend 2024 NATO Summit | Pozirk<\/title>\n<meta name=\"description\" content=\"July 8, Pozirk. \u015aviat\u0142ana Cichano\u016dskaja&#039;s chief adviser Franak Via\u010dorka has told Pozirk that the opposition leader will visit Washington, D.C., on July\" \/>\n<meta name=\"robots\" content=\"index, follow, max-snippet:-1, max-image-preview:large, max-video-preview:-1\" \/>\n<link rel=\"canonical\" href=\"https:\/\/pozirk.online\/en\/news\/94383\/\" \/>\n<meta property=\"og:locale\" content=\"en_US\" \/>\n<meta property=\"og:type\" content=\"article\" \/>\n<meta property=\"og:title\" content=\"Cichano\u016dskaja to attend 2024 NATO Summit | Pozirk\" \/>\n<meta property=\"og:description\" content=\"July 8, Pozirk. \u015aviat\u0142ana Cichano\u016dskaja&#039;s chief adviser Franak Via\u010dorka has told Pozirk that the opposition leader will visit Washington, D.C., on July\" \/>\n<meta property=\"og:url\" content=\"https:\/\/pozirk.online\/en\/news\/94383\/\" \/>\n<meta property=\"og:site_name\" content=\"Pozirk\" \/>\n<meta property=\"article:publisher\" content=\"https:\/\/www.facebook.com\/pozirkonline\/\" \/>\n<meta property=\"article:modified_time\" content=\"2026-02-24T20:40:57+00:00\" \/>\n<meta property=\"og:image\" content=\"https:\/\/pozirk.online\/wp-content\/uploads\/2024\/01\/tsihanovskaja_stoltenberg_1128x752.jpg\" \/>\n\t<meta property=\"og:image:width\" content=\"1128\" \/>\n\t<meta property=\"og:image:height\" content=\"752\" \/>\n\t<meta property=\"og:image:type\" content=\"image\/jpeg\" \/>\n<meta name=\"twitter:card\" content=\"summary_large_image\" \/>\n<meta name=\"twitter:site\" content=\"@Pozirk_online\" \/>\n<meta name=\"twitter:label1\" content=\"Est. reading time\" \/>\n\t<meta name=\"twitter:data1\" content=\"2 minutes\" \/>\n<script type=\"application\/ld+json\" class=\"yoast-schema-graph\">{\"@context\":\"https:\/\/schema.org\",\"@graph\":[{\"@type\":\"NewsArticle\",\"@id\":\"https:\/\/pozirk.online\/en\/news\/94383\/#article\",\"isPartOf\":{\"@id\":\"https:\/\/pozirk.online\/en\/news\/94383\/\"},\"headline\":\"Cichano\u016dskaja to attend 2024 NATO Summit\",\"datePublished\":\"2024-07-08T09:01:42+00:00\",\"dateModified\":\"2026-02-24T20:40:57+00:00\",\"mainEntityOfPage\":{\"@id\":\"https:\/\/pozirk.online\/en\/news\/94383\/\"},\"wordCount\":201,\"publisher\":{\"@id\":\"https:\/\/pozirk.online\/en\/#organization\"},\"image\":{\"@id\":\"https:\/\/pozirk.online\/en\/news\/94383\/#primaryimage\"},\"thumbnailUrl\":\"https:\/\/pozirk.online\/wp-content\/uploads\/2024\/01\/tsihanovskaja_stoltenberg_1128x752.jpg\",\"inLanguage\":\"en-US\"},{\"@type\":\"WebPage\",\"@id\":\"https:\/\/pozirk.online\/en\/news\/94383\/\",\"url\":\"https:\/\/pozirk.online\/en\/news\/94383\/\",\"name\":\"Cichano\u016dskaja to attend 2024 NATO Summit | Pozirk\",\"isPartOf\":{\"@id\":\"https:\/\/pozirk.online\/en\/#website\"},\"primaryImageOfPage\":{\"@id\":\"https:\/\/pozirk.online\/en\/news\/94383\/#primaryimage\"},\"image\":{\"@id\":\"https:\/\/pozirk.online\/en\/news\/94383\/#primaryimage\"},\"thumbnailUrl\":\"https:\/\/pozirk.online\/wp-content\/uploads\/2024\/01\/tsihanovskaja_stoltenberg_1128x752.jpg\",\"datePublished\":\"2024-07-08T09:01:42+00:00\",\"dateModified\":\"2026-02-24T20:40:57+00:00\",\"description\":\"July 8, Pozirk. \u015aviat\u0142ana Cichano\u016dskaja's chief adviser Franak Via\u010dorka has told Pozirk that the opposition leader will visit Washington, D.C., on July\",\"breadcrumb\":{\"@id\":\"https:\/\/pozirk.online\/en\/news\/94383\/#breadcrumb\"},\"inLanguage\":\"en-US\",\"potentialAction\":[{\"@type\":\"ReadAction\",\"target\":[\"https:\/\/pozirk.online\/en\/news\/94383\/\"]}]},{\"@type\":\"ImageObject\",\"inLanguage\":\"en-US\",\"@id\":\"https:\/\/pozirk.online\/en\/news\/94383\/#primaryimage\",\"url\":\"https:\/\/pozirk.online\/wp-content\/uploads\/2024\/01\/tsihanovskaja_stoltenberg_1128x752.jpg\",\"contentUrl\":\"https:\/\/pozirk.online\/wp-content\/uploads\/2024\/01\/tsihanovskaja_stoltenberg_1128x752.jpg\",\"width\":1128,\"height\":752},{\"@type\":\"BreadcrumbList\",\"@id\":\"https:\/\/pozirk.online\/en\/news\/94383\/#breadcrumb\",\"itemListElement\":[{\"@type\":\"ListItem\",\"position\":1,\"name\":\"Home\",\"item\":\"https:\/\/pozirk.online\/en\/\"},{\"@type\":\"ListItem\",\"position\":2,\"name\":\"Cichano\u016dskaja to attend 2024 NATO Summit\"}]},{\"@type\":\"WebSite\",\"@id\":\"https:\/\/pozirk.online\/en\/#website\",\"url\":\"https:\/\/pozirk.online\/en\/\",\"name\":\"Pozirk\",\"description\":\"\",\"publisher\":{\"@id\":\"https:\/\/pozirk.online\/en\/#organization\"},\"potentialAction\":[{\"@type\":\"SearchAction\",\"target\":{\"@type\":\"EntryPoint\",\"urlTemplate\":\"https:\/\/pozirk.online\/en\/?s={search_term_string}\"},\"query-input\":{\"@type\":\"PropertyValueSpecification\",\"valueRequired\":true,\"valueName\":\"search_term_string\"}}],\"inLanguage\":\"en-US\"},{\"@type\":\"Organization\",\"@id\":\"https:\/\/pozirk.online\/en\/#organization\",\"name\":\"Pozirk\",\"url\":\"https:\/\/pozirk.online\/en\/\",\"logo\":{\"@type\":\"ImageObject\",\"inLanguage\":\"en-US\",\"@id\":\"https:\/\/pozirk.online\/en\/#\/schema\/logo\/image\/\",\"url\":\"https:\/\/pozirk.online\/wp-content\/uploads\/2023\/11\/cropped-Logo_color_512.png\",\"contentUrl\":\"https:\/\/pozirk.online\/wp-content\/uploads\/2023\/11\/cropped-Logo_color_512.png\",\"width\":512,\"height\":512,\"caption\":\"Pozirk\"},\"image\":{\"@id\":\"https:\/\/pozirk.online\/en\/#\/schema\/logo\/image\/\"},\"sameAs\":[\"https:\/\/www.facebook.com\/pozirkonline\/\",\"https:\/\/x.com\/Pozirk_online\"]}]}<\/script>\n<!-- \/ Yoast SEO plugin. -->","yoast_head_json":{"title":"Cichano\u016dskaja to attend 2024 NATO Summit | Pozirk","description":"July 8, Pozirk. \u015aviat\u0142ana Cichano\u016dskaja's chief adviser Franak Via\u010dorka has told Pozirk that the opposition leader will visit Washington, D.C., on July","robots":{"index":"index","follow":"follow","max-snippet":"max-snippet:-1","max-image-preview":"max-image-preview:large","max-video-preview":"max-video-preview:-1"},"canonical":"https:\/\/pozirk.online\/en\/news\/94383\/","og_locale":"en_US","og_type":"article","og_title":"Cichano\u016dskaja to attend 2024 NATO Summit | Pozirk","og_description":"July 8, Pozirk. \u015aviat\u0142ana Cichano\u016dskaja's chief adviser Franak Via\u010dorka has told Pozirk that the opposition leader will visit Washington, D.C., on July","og_url":"https:\/\/pozirk.online\/en\/news\/94383\/","og_site_name":"Pozirk","article_publisher":"https:\/\/www.facebook.com\/pozirkonline\/","article_modified_time":"2026-02-24T20:40:57+00:00","og_image":[{"width":1128,"height":752,"url":"https:\/\/pozirk.online\/wp-content\/uploads\/2024\/01\/tsihanovskaja_stoltenberg_1128x752.jpg","type":"image\/jpeg"}],"twitter_card":"summary_large_image","twitter_site":"@Pozirk_online","twitter_misc":{"Est. reading time":"2 minutes"},"schema":{"@context":"https:\/\/schema.org","@graph":[{"@type":"NewsArticle","@id":"https:\/\/pozirk.online\/en\/news\/94383\/#article","isPartOf":{"@id":"https:\/\/pozirk.online\/en\/news\/94383\/"},"headline":"Cichano\u016dskaja to attend 2024 NATO Summit","datePublished":"2024-07-08T09:01:42+00:00","dateModified":"2026-02-24T20:40:57+00:00","mainEntityOfPage":{"@id":"https:\/\/pozirk.online\/en\/news\/94383\/"},"wordCount":201,"publisher":{"@id":"https:\/\/pozirk.online\/en\/#organization"},"image":{"@id":"https:\/\/pozirk.online\/en\/news\/94383\/#primaryimage"},"thumbnailUrl":"https:\/\/pozirk.online\/wp-content\/uploads\/2024\/01\/tsihanovskaja_stoltenberg_1128x752.jpg","inLanguage":"en-US"},{"@type":"WebPage","@id":"https:\/\/pozirk.online\/en\/news\/94383\/","url":"https:\/\/pozirk.online\/en\/news\/94383\/","name":"Cichano\u016dskaja to attend 2024 NATO Summit | Pozirk","isPartOf":{"@id":"https:\/\/pozirk.online\/en\/#website"},"primaryImageOfPage":{"@id":"https:\/\/pozirk.online\/en\/news\/94383\/#primaryimage"},"image":{"@id":"https:\/\/pozirk.online\/en\/news\/94383\/#primaryimage"},"thumbnailUrl":"https:\/\/pozirk.online\/wp-content\/uploads\/2024\/01\/tsihanovskaja_stoltenberg_1128x752.jpg","datePublished":"2024-07-08T09:01:42+00:00","dateModified":"2026-02-24T20:40:57+00:00","description":"July 8, Pozirk. \u015aviat\u0142ana Cichano\u016dskaja's chief adviser Franak Via\u010dorka has told Pozirk that the opposition leader will visit Washington, D.C., on July","breadcrumb":{"@id":"https:\/\/pozirk.online\/en\/news\/94383\/#breadcrumb"},"inLanguage":"en-US","potentialAction":[{"@type":"ReadAction","target":["https:\/\/pozirk.online\/en\/news\/94383\/"]}]},{"@type":"ImageObject","inLanguage":"en-US","@id":"https:\/\/pozirk.online\/en\/news\/94383\/#primaryimage","url":"https:\/\/pozirk.online\/wp-content\/uploads\/2024\/01\/tsihanovskaja_stoltenberg_1128x752.jpg","contentUrl":"https:\/\/pozirk.online\/wp-content\/uploads\/2024\/01\/tsihanovskaja_stoltenberg_1128x752.jpg","width":1128,"height":752},{"@type":"BreadcrumbList","@id":"https:\/\/pozirk.online\/en\/news\/94383\/#breadcrumb","itemListElement":[{"@type":"ListItem","position":1,"name":"Home","item":"https:\/\/pozirk.online\/en\/"},{"@type":"ListItem","position":2,"name":"Cichano\u016dskaja to attend 2024 NATO Summit"}]},{"@type":"WebSite","@id":"https:\/\/pozirk.online\/en\/#website","url":"https:\/\/pozirk.online\/en\/","name":"Pozirk","description":"","publisher":{"@id":"https:\/\/pozirk.online\/en\/#organization"},"potentialAction":[{"@type":"SearchAction","target":{"@type":"EntryPoint","urlTemplate":"https:\/\/pozirk.online\/en\/?s={search_term_string}"},"query-input":{"@type":"PropertyValueSpecification","valueRequired":true,"valueName":"search_term_string"}}],"inLanguage":"en-US"},{"@type":"Organization","@id":"https:\/\/pozirk.online\/en\/#organization","name":"Pozirk","url":"https:\/\/pozirk.online\/en\/","logo":{"@type":"ImageObject","inLanguage":"en-US","@id":"https:\/\/pozirk.online\/en\/#\/schema\/logo\/image\/","url":"https:\/\/pozirk.online\/wp-content\/uploads\/2023\/11\/cropped-Logo_color_512.png","contentUrl":"https:\/\/pozirk.online\/wp-content\/uploads\/2023\/11\/cropped-Logo_color_512.png","width":512,"height":512,"caption":"Pozirk"},"image":{"@id":"https:\/\/pozirk.online\/en\/#\/schema\/logo\/image\/"},"sameAs":["https:\/\/www.facebook.com\/pozirkonline\/","https:\/\/x.com\/Pozirk_online"]}]}},"_links":{"self":[{"href":"https:\/\/pozirk.online\/en\/wp-json\/wp\/v2\/articles\/94383","targetHints":{"allow":["GET"]}}],"collection":[{"href":"https:\/\/pozirk.online\/en\/wp-json\/wp\/v2\/articles"}],"about":[{"href":"https:\/\/pozirk.online\/en\/wp-json\/wp\/v2\/types\/articles"}],"author":[{"embeddable":true,"href":"https:\/\/pozirk.online\/en\/wp-json\/wp\/v2\/users\/75"}],"wp:featuredmedia":[{"embeddable":true,"href":"https:\/\/pozirk.online\/en\/wp-json\/wp\/v2\/media\/84017"}],"wp:attachment":[{"href":"https:\/\/pozirk.online\/en\/wp-json\/wp\/v2\/media?parent=94383"}],"wp:term":[{"taxonomy":"rubric","embeddable":true,"href":"https:\/\/pozirk.online\/en\/wp-json\/wp\/v2\/rubric?post=94383"}],"curies":[{"name":"wp","href":"https:\/\/api.w.org\/{rel}","templated":true}]}}